{"id":750,"date":"2016-11-15T12:35:42","date_gmt":"2016-11-15T11:35:42","guid":{"rendered":"https:\/\/odysseuslibre.be\/site\/?p=750"},"modified":"2023-06-23T21:07:33","modified_gmt":"2023-06-23T19:07:33","slug":"poleon","status":"publish","type":"post","link":"https:\/\/odysseuslibre.be\/site\/poleon\/","title":{"rendered":"Pol\u00e9on"},"content":{"rendered":"<div class=\"entry-inner\">\n<p>Cette histoire du nain Pol\u00e9on racont\u00e9e et illustr\u00e9e par Benjamin Rabier est parue en 1939. Elle a \u00e9t\u00e9 remise en lumi\u00e8re par <a href=\"http:\/\/cyrille.largillier.org\" target=\"_blank\" rel=\"noopener\">Cyrille Largillier<\/a>.<\/p>\n<p>Vous pouvez\u00a0 d\u00e9couvrir et t\u00e9l\u00e9charger ce livre sur son site en cliquant sur l\u2019image.<\/p>\n<p>Je vous en propose une lecture. Ce r\u00e9cit \u00e9tant du domaine publique, le fichier audio fait l\u2019objet de la <a href=\"https:\/\/creativecommons.org\/publicdomain\/zero\/1.0\/deed.fr\" target=\"_blank\" rel=\"noopener\">licence CC0<\/a>.<\/p>\n<audio class=\"wp-audio-shortcode\" id=\"audio-750-1\" preload=\"none\" style=\"width: 100%;\" controls=\"controls\"><source type=\"audio\/ogg\" src=\"https:\/\/odysseuslibre.be\/site\/wp-content\/uploads\/2018\/06\/Poleon-Rabier-Odysseus-CC0.ogg?_=1\" \/><a href=\"https:\/\/odysseuslibre.be\/site\/wp-content\/uploads\/2018\/06\/Poleon-Rabier-Odysseus-CC0.ogg\">https:\/\/odysseuslibre.be\/site\/wp-content\/uploads\/2018\/06\/Poleon-Rabier-Odysseus-CC0.ogg<\/a><\/audio>\n<p>\u2192 <a href=\"https:\/\/odysseuslibre.be\/site\/wp-content\/uploads\/2018\/06\/Poleon-Rabier-Odysseus-CC0.ogg.zip\"><strong>SOURCES<\/strong><\/a><\/p>\n<\/div>\n","protected":false},"excerpt":{"rendered":"<p>Cette histoire du nain Pol\u00e9on racont\u00e9e et illustr\u00e9e par Benjamin Rabier est parue en 1939. Elle a \u00e9t\u00e9 remise en lumi\u00e8re par Cyrille Largillier. Vous pouvez\u00a0 d\u00e9couvrir et t\u00e9l\u00e9charger ce livre sur son site en cliquant sur l\u2019image. Je vous en propose une lecture. Ce r\u00e9cit \u00e9tant du domaine publique, le fichier audio fait l\u2019objet [&hellip;]<\/p>\n","protected":false},"author":1,"featured_media":751,"comment_status":"open","ping_status":"open","sticky":false,"template":"","format":"standard","meta":{"footnotes":""},"categories":[289],"tags":[],"class_list":["post-750","post","type-post","status-publish","format-standard","has-post-thumbnail","hentry","category-histoires-en-audio"],"_links":{"self":[{"href":"https:\/\/odysseuslibre.be\/site\/wp-json\/wp\/v2\/posts\/750","targetHints":{"allow":["GET"]}}],"collection":[{"href":"https:\/\/odysseuslibre.be\/site\/wp-json\/wp\/v2\/posts"}],"about":[{"href":"https:\/\/odysseuslibre.be\/site\/wp-json\/wp\/v2\/types\/post"}],"author":[{"embeddable":true,"href":"https:\/\/odysseuslibre.be\/site\/wp-json\/wp\/v2\/users\/1"}],"replies":[{"embeddable":true,"href":"https:\/\/odysseuslibre.be\/site\/wp-json\/wp\/v2\/comments?post=750"}],"version-history":[{"count":2,"href":"https:\/\/odysseuslibre.be\/site\/wp-json\/wp\/v2\/posts\/750\/revisions"}],"predecessor-version":[{"id":3349,"href":"https:\/\/odysseuslibre.be\/site\/wp-json\/wp\/v2\/posts\/750\/revisions\/3349"}],"wp:featuredmedia":[{"embeddable":true,"href":"https:\/\/odysseuslibre.be\/site\/wp-json\/wp\/v2\/media\/751"}],"wp:attachment":[{"href":"https:\/\/odysseuslibre.be\/site\/wp-json\/wp\/v2\/media?parent=750"}],"wp:term":[{"taxonomy":"category","embeddable":true,"href":"https:\/\/odysseuslibre.be\/site\/wp-json\/wp\/v2\/categories?post=750"},{"taxonomy":"post_tag","embeddable":true,"href":"https:\/\/odysseuslibre.be\/site\/wp-json\/wp\/v2\/tags?post=750"}],"curies":[{"name":"wp","href":"https:\/\/api.w.org\/{rel}","templated":true}]}}