{"id":740,"date":"2016-10-11T12:16:21","date_gmt":"2016-10-11T10:16:21","guid":{"rendered":"https:\/\/odysseuslibre.be\/site\/?p=740"},"modified":"2023-06-23T21:08:28","modified_gmt":"2023-06-23T19:08:28","slug":"le-vilain-petit-canard","status":"publish","type":"post","link":"https:\/\/odysseuslibre.be\/site\/le-vilain-petit-canard\/","title":{"rendered":"Le vilain petit canard"},"content":{"rendered":"<p>Le conte traditionnel du vilain petit canard, \u00e9crit par Hans Christian Andersen disposait de traductions du domaine public, d\u2019illustrations du domaine public mais pas les deux assembl\u00e9es. <strong>Cyrille Largillier<\/strong> s\u2019est charg\u00e9 de cet assemblage et propose ce r\u00e9cit du domaine public<a href=\"http:\/\/cyrille.largillier.org\/sitewp\/\" target=\"_blank\" rel=\"noopener\"> sur son site<\/a> riche de nombreux documents \u00e9ducatifs\u2026libres, \u00e9videmment.<\/p>\n<p>Acc\u00e9dez \u00e0 l&rsquo;histoire<\/p>\n<p>Je vous en propose une lecture. \u00c9tant donn\u00e9 que cette belle histoire se trouve dans le domaine public, le document sonore est sous <a href=\"https:\/\/creativecommons.org\/choose\/zero\/?lang=fr\" target=\"_blank\" rel=\"noopener\">licence CC0<\/a>.<\/p>\n<audio class=\"wp-audio-shortcode\" id=\"audio-740-1\" preload=\"none\" style=\"width: 100%;\" controls=\"controls\"><source type=\"audio\/ogg\" src=\"https:\/\/odysseuslibre.be\/site\/wp-content\/uploads\/2018\/06\/VilainPetitCanard-CC0-Odysseus.ogg?_=1\" \/><a href=\"https:\/\/odysseuslibre.be\/site\/wp-content\/uploads\/2018\/06\/VilainPetitCanard-CC0-Odysseus.ogg\">https:\/\/odysseuslibre.be\/site\/wp-content\/uploads\/2018\/06\/VilainPetitCanard-CC0-Odysseus.ogg<\/a><\/audio>\n<p style=\"text-align: center;\"><strong>[ T\u00e9l\u00e9charger le fichier\u00a0<a href=\"https:\/\/odysseuslibre.be\/site\/wp-content\/uploads\/2018\/06\/VilainPetitCanard-CC0-Odysseus.zip\" rel=\"\">vilainpetitcanard-cc0-odysseus<\/a> ]<\/strong><\/p>\n","protected":false},"excerpt":{"rendered":"<p>Le conte traditionnel du vilain petit canard, \u00e9crit par Hans Christian Andersen disposait de traductions du domaine public, d\u2019illustrations du domaine public mais pas les deux assembl\u00e9es. Cyrille Largillier s\u2019est charg\u00e9 de cet assemblage et propose ce r\u00e9cit du domaine public sur son site riche de nombreux documents \u00e9ducatifs\u2026libres, \u00e9videmment. Acc\u00e9dez \u00e0 l&rsquo;histoire Je vous [&hellip;]<\/p>\n","protected":false},"author":1,"featured_media":741,"comment_status":"open","ping_status":"open","sticky":false,"template":"","format":"standard","meta":{"footnotes":""},"categories":[289],"tags":[291],"class_list":["post-740","post","type-post","status-publish","format-standard","has-post-thumbnail","hentry","category-histoires-en-audio","tag-conte"],"_links":{"self":[{"href":"https:\/\/odysseuslibre.be\/site\/wp-json\/wp\/v2\/posts\/740","targetHints":{"allow":["GET"]}}],"collection":[{"href":"https:\/\/odysseuslibre.be\/site\/wp-json\/wp\/v2\/posts"}],"about":[{"href":"https:\/\/odysseuslibre.be\/site\/wp-json\/wp\/v2\/types\/post"}],"author":[{"embeddable":true,"href":"https:\/\/odysseuslibre.be\/site\/wp-json\/wp\/v2\/users\/1"}],"replies":[{"embeddable":true,"href":"https:\/\/odysseuslibre.be\/site\/wp-json\/wp\/v2\/comments?post=740"}],"version-history":[{"count":2,"href":"https:\/\/odysseuslibre.be\/site\/wp-json\/wp\/v2\/posts\/740\/revisions"}],"predecessor-version":[{"id":3350,"href":"https:\/\/odysseuslibre.be\/site\/wp-json\/wp\/v2\/posts\/740\/revisions\/3350"}],"wp:featuredmedia":[{"embeddable":true,"href":"https:\/\/odysseuslibre.be\/site\/wp-json\/wp\/v2\/media\/741"}],"wp:attachment":[{"href":"https:\/\/odysseuslibre.be\/site\/wp-json\/wp\/v2\/media?parent=740"}],"wp:term":[{"taxonomy":"category","embeddable":true,"href":"https:\/\/odysseuslibre.be\/site\/wp-json\/wp\/v2\/categories?post=740"},{"taxonomy":"post_tag","embeddable":true,"href":"https:\/\/odysseuslibre.be\/site\/wp-json\/wp\/v2\/tags?post=740"}],"curies":[{"name":"wp","href":"https:\/\/api.w.org\/{rel}","templated":true}]}}