{"id":534,"date":"2015-01-12T09:49:08","date_gmt":"2015-01-12T08:49:08","guid":{"rendered":"https:\/\/odysseuslibre.be\/site\/?p=534"},"modified":"2023-06-23T21:25:09","modified_gmt":"2023-06-23T19:25:09","slug":"abel-et-bellina-ont-vu-de-vilaines-choses-a-la-television","status":"publish","type":"post","link":"https:\/\/odysseuslibre.be\/site\/abel-et-bellina-ont-vu-de-vilaines-choses-a-la-television\/","title":{"rendered":"Abel et Bellina ont vu de vilaines choses \u00e0 la t\u00e9l\u00e9vision"},"content":{"rendered":"<p><a href=\"https:\/\/odysseuslibre.be\/site\/wp-content\/uploads\/2018\/06\/4-AbelBellina-VilainesChosesTele-Odysseus-lal.pdf\"><img loading=\"lazy\" decoding=\"async\" class=\"aligncenter size-full wp-image-535\" src=\"https:\/\/odysseuslibre.be\/site\/wp-content\/uploads\/2018\/06\/4-PerturbesParLaTele-cover.png\" alt=\"\" width=\"620\" height=\"744\" srcset=\"https:\/\/odysseuslibre.be\/site\/wp-content\/uploads\/2018\/06\/4-PerturbesParLaTele-cover.png 620w, https:\/\/odysseuslibre.be\/site\/wp-content\/uploads\/2018\/06\/4-PerturbesParLaTele-cover-250x300.png 250w\" sizes=\"auto, (max-width: 620px) 100vw, 620px\" \/><\/a><\/p>\n<p>Les <a title=\"Attentats en France janvier 2015\" href=\"https:\/\/fr.wikipedia.org\/wiki\/Attentat_contre_Charlie_Hebdo\" target=\"_blank\" rel=\"noopener\">tragiques \u00e9v\u00e9nements<\/a> de cette semaine en France m\u2019ont inspir\u00e9 ce r\u00e9cit.<\/p>\n<p><a href=\"https:\/\/odysseuslibre.be\/site\/wp-content\/uploads\/2018\/06\/4-AbelBellina-ALaTele-Odysseus-lal.zip\"><strong>Sources<\/strong><\/a> disponibles<\/p>\n<p>(remarque: le nom des fichiers images ne correspond pas au titre car j\u2019ai chang\u00e9 ce dernier par apr\u00e8s)<\/p>\n","protected":false},"excerpt":{"rendered":"<p>Les tragiques \u00e9v\u00e9nements de cette semaine en France m\u2019ont inspir\u00e9 ce r\u00e9cit. Sources disponibles (remarque: le nom des fichiers images ne correspond pas au titre car j\u2019ai chang\u00e9 ce dernier par apr\u00e8s)<\/p>\n","protected":false},"author":1,"featured_media":535,"comment_status":"open","ping_status":"open","sticky":false,"template":"","format":"standard","meta":{"footnotes":""},"categories":[157,297],"tags":[318,321,319,320],"class_list":["post-534","post","type-post","status-publish","format-standard","has-post-thumbnail","hentry","category-livres-pour-enfants","category-abel-et-bellina","tag-attentats","tag-parler","tag-television","tag-violence"],"_links":{"self":[{"href":"https:\/\/odysseuslibre.be\/site\/wp-json\/wp\/v2\/posts\/534","targetHints":{"allow":["GET"]}}],"collection":[{"href":"https:\/\/odysseuslibre.be\/site\/wp-json\/wp\/v2\/posts"}],"about":[{"href":"https:\/\/odysseuslibre.be\/site\/wp-json\/wp\/v2\/types\/post"}],"author":[{"embeddable":true,"href":"https:\/\/odysseuslibre.be\/site\/wp-json\/wp\/v2\/users\/1"}],"replies":[{"embeddable":true,"href":"https:\/\/odysseuslibre.be\/site\/wp-json\/wp\/v2\/comments?post=534"}],"version-history":[{"count":2,"href":"https:\/\/odysseuslibre.be\/site\/wp-json\/wp\/v2\/posts\/534\/revisions"}],"predecessor-version":[{"id":3373,"href":"https:\/\/odysseuslibre.be\/site\/wp-json\/wp\/v2\/posts\/534\/revisions\/3373"}],"wp:featuredmedia":[{"embeddable":true,"href":"https:\/\/odysseuslibre.be\/site\/wp-json\/wp\/v2\/media\/535"}],"wp:attachment":[{"href":"https:\/\/odysseuslibre.be\/site\/wp-json\/wp\/v2\/media?parent=534"}],"wp:term":[{"taxonomy":"category","embeddable":true,"href":"https:\/\/odysseuslibre.be\/site\/wp-json\/wp\/v2\/categories?post=534"},{"taxonomy":"post_tag","embeddable":true,"href":"https:\/\/odysseuslibre.be\/site\/wp-json\/wp\/v2\/tags?post=534"}],"curies":[{"name":"wp","href":"https:\/\/api.w.org\/{rel}","templated":true}]}}