{"id":432,"date":"2014-12-07T08:42:12","date_gmt":"2014-12-07T07:42:12","guid":{"rendered":"https:\/\/odysseuslibre.be\/site\/?p=432"},"modified":"2023-06-23T21:37:30","modified_gmt":"2023-06-23T19:37:30","slug":"les-aventures-de-rudy","status":"publish","type":"post","link":"https:\/\/odysseuslibre.be\/site\/les-aventures-de-rudy\/","title":{"rendered":"Les aventures de Rudy"},"content":{"rendered":"<p><img loading=\"lazy\" decoding=\"async\" class=\"aligncenter size-full wp-image-433\" src=\"https:\/\/odysseuslibre.be\/site\/wp-content\/uploads\/2018\/06\/rudybyecouleur-174x300.png\" alt=\"\" width=\"174\" height=\"300\" \/><\/p>\n<p>En 1997 , lorsque j\u2019\u00e9tais encore jeune et fringant professeur de n\u00e9erlandais en primaire, j\u2019avais cr\u00e9\u00e9 un petit journal contenant des activit\u00e9s en n\u00e9erlandais \u00e0 l\u2019attention des enfants.<br \/>\nLa derni\u00e8re page contenait une petite bande dessin\u00e9e en n\u00e9erlandais que j\u2019avais cr\u00e9\u00e9e pour cette occasion. Il n\u2019y a eu que 5 num\u00e9ros durant cette ann\u00e9e scolaire 1997-1998 qui fit l\u2019objet d\u2019une v\u00e9ritable Rudymania. Je me rappelle encore ces \u00e9l\u00e8ves qui dessinaient ce personnage sur des feuilles de brouillon. Tr\u00e8s chouette souvenir ! &#x1f642;<\/p>\n<figure id=\"attachment_434\" aria-describedby=\"caption-attachment-434\" style=\"width: 212px\" class=\"wp-caption aligncenter\"><a href=\"https:\/\/www.odysseuslibre.be\/FICHIERS\/ToutRudy.zip\"><img loading=\"lazy\" decoding=\"async\" class=\"wp-image-434 size-full\" src=\"https:\/\/odysseuslibre.be\/site\/wp-content\/uploads\/2018\/06\/rudy-bd3b-212x300.png\" alt=\"\" width=\"212\" height=\"300\" \/><\/a><figcaption id=\"caption-attachment-434\" class=\"wp-caption-text\">T\u00e9l\u00e9chargez le pack (87Mo)<\/figcaption><\/figure>\n","protected":false},"excerpt":{"rendered":"<p>En 1997 , lorsque j\u2019\u00e9tais encore jeune et fringant professeur de n\u00e9erlandais en primaire, j\u2019avais cr\u00e9\u00e9 un petit journal contenant des activit\u00e9s en n\u00e9erlandais \u00e0 l\u2019attention des enfants. La derni\u00e8re page contenait une petite bande dessin\u00e9e en n\u00e9erlandais que j\u2019avais cr\u00e9\u00e9e pour cette occasion. Il n\u2019y a eu que 5 num\u00e9ros durant cette ann\u00e9e scolaire [&hellip;]<\/p>\n","protected":false},"author":1,"featured_media":0,"comment_status":"open","ping_status":"open","sticky":false,"template":"","format":"standard","meta":{"footnotes":""},"categories":[273],"tags":[275,274],"class_list":["post-432","post","type-post","status-publish","format-standard","hentry","category-les-aventures-de-rudy","tag-bd","tag-rudy"],"_links":{"self":[{"href":"https:\/\/odysseuslibre.be\/site\/wp-json\/wp\/v2\/posts\/432","targetHints":{"allow":["GET"]}}],"collection":[{"href":"https:\/\/odysseuslibre.be\/site\/wp-json\/wp\/v2\/posts"}],"about":[{"href":"https:\/\/odysseuslibre.be\/site\/wp-json\/wp\/v2\/types\/post"}],"author":[{"embeddable":true,"href":"https:\/\/odysseuslibre.be\/site\/wp-json\/wp\/v2\/users\/1"}],"replies":[{"embeddable":true,"href":"https:\/\/odysseuslibre.be\/site\/wp-json\/wp\/v2\/comments?post=432"}],"version-history":[{"count":1,"href":"https:\/\/odysseuslibre.be\/site\/wp-json\/wp\/v2\/posts\/432\/revisions"}],"predecessor-version":[{"id":435,"href":"https:\/\/odysseuslibre.be\/site\/wp-json\/wp\/v2\/posts\/432\/revisions\/435"}],"wp:attachment":[{"href":"https:\/\/odysseuslibre.be\/site\/wp-json\/wp\/v2\/media?parent=432"}],"wp:term":[{"taxonomy":"category","embeddable":true,"href":"https:\/\/odysseuslibre.be\/site\/wp-json\/wp\/v2\/categories?post=432"},{"taxonomy":"post_tag","embeddable":true,"href":"https:\/\/odysseuslibre.be\/site\/wp-json\/wp\/v2\/tags?post=432"}],"curies":[{"name":"wp","href":"https:\/\/api.w.org\/{rel}","templated":true}]}}