{"id":3998,"date":"2025-11-04T19:21:02","date_gmt":"2025-11-04T18:21:02","guid":{"rendered":"https:\/\/odysseuslibre.be\/site\/?p=3998"},"modified":"2025-11-04T19:21:02","modified_gmt":"2025-11-04T18:21:02","slug":"tiens-au-fait-2-en-route-vers-le-14","status":"publish","type":"post","link":"https:\/\/odysseuslibre.be\/site\/tiens-au-fait-2-en-route-vers-le-14\/","title":{"rendered":"Tiens, au fait (2)&#8230;en route vers le 14 !"},"content":{"rendered":"\n<p>La derni\u00e8re fois qu&rsquo;on les a vus, il faisaient des cr\u00eapes et c&rsquo;\u00e9tait il y a \u2026 bient\u00f4t 4 ans.<\/p>\n\n\n\n<p>Leur prochaine histoire, la quatorzi\u00e8me, est pr\u00eate et un premier (pr\u00e9)d\u00e9coupage a \u00e9t\u00e9 \u00e9tabli. Cela commence donc \u00e0 se pr\u00e9ciser et je suis enthousiaste \u00e0 l&rsquo;id\u00e9e de m&rsquo;y remettre, \u00e0 mon rythme, sans pression ni \u00e9ch\u00e9ance si ce n&rsquo;est tout de m\u00eame 2026. Un crayonn\u00e9 et un encrage \u00e0 la fois&#8230;<\/p>\n\n\n\n<p>En attendant, si le coeur vous en dit et\/ou si vous ne connaissez pas nos deux \u00e9nergum\u00e8nes, je vous invite \u00e0 <a href=\"http:\/\/abeletbellina.be\">relire ou d\u00e9couvrir leurs 13 premi\u00e8res aventures<\/a>.<\/p>\n\n\n\n<p>N&rsquo;h\u00e9sitez pas \u00e0 venir faire un petit coucou. \ud83d\ude42<br>A bient\u00f4t !<\/p>\n","protected":false},"excerpt":{"rendered":"<p>La derni\u00e8re fois qu&rsquo;on les a vus, il faisaient des cr\u00eapes et c&rsquo;\u00e9tait il y a \u2026 bient\u00f4t 4 ans. Leur prochaine histoire, la quatorzi\u00e8me, est pr\u00eate et un premier (pr\u00e9)d\u00e9coupage a \u00e9t\u00e9 \u00e9tabli. Cela commence donc \u00e0 se pr\u00e9ciser et je suis enthousiaste \u00e0 l&rsquo;id\u00e9e de m&rsquo;y remettre, \u00e0 mon rythme, sans pression ni [&hellip;]<\/p>\n","protected":false},"author":1,"featured_media":3999,"comment_status":"open","ping_status":"open","sticky":false,"template":"","format":"standard","meta":{"footnotes":""},"categories":[297,688],"tags":[1294,1182,857,581],"class_list":["post-3998","post","type-post","status-publish","format-standard","has-post-thumbnail","hentry","category-abel-et-bellina","category-mon-actualite","tag-1294","tag-en-cours","tag-histoire","tag-litterature-jeunesse"],"_links":{"self":[{"href":"https:\/\/odysseuslibre.be\/site\/wp-json\/wp\/v2\/posts\/3998","targetHints":{"allow":["GET"]}}],"collection":[{"href":"https:\/\/odysseuslibre.be\/site\/wp-json\/wp\/v2\/posts"}],"about":[{"href":"https:\/\/odysseuslibre.be\/site\/wp-json\/wp\/v2\/types\/post"}],"author":[{"embeddable":true,"href":"https:\/\/odysseuslibre.be\/site\/wp-json\/wp\/v2\/users\/1"}],"replies":[{"embeddable":true,"href":"https:\/\/odysseuslibre.be\/site\/wp-json\/wp\/v2\/comments?post=3998"}],"version-history":[{"count":2,"href":"https:\/\/odysseuslibre.be\/site\/wp-json\/wp\/v2\/posts\/3998\/revisions"}],"predecessor-version":[{"id":4001,"href":"https:\/\/odysseuslibre.be\/site\/wp-json\/wp\/v2\/posts\/3998\/revisions\/4001"}],"wp:featuredmedia":[{"embeddable":true,"href":"https:\/\/odysseuslibre.be\/site\/wp-json\/wp\/v2\/media\/3999"}],"wp:attachment":[{"href":"https:\/\/odysseuslibre.be\/site\/wp-json\/wp\/v2\/media?parent=3998"}],"wp:term":[{"taxonomy":"category","embeddable":true,"href":"https:\/\/odysseuslibre.be\/site\/wp-json\/wp\/v2\/categories?post=3998"},{"taxonomy":"post_tag","embeddable":true,"href":"https:\/\/odysseuslibre.be\/site\/wp-json\/wp\/v2\/tags?post=3998"}],"curies":[{"name":"wp","href":"https:\/\/api.w.org\/{rel}","templated":true}]}}