{"id":3035,"date":"2023-04-20T20:21:31","date_gmt":"2023-04-20T18:21:31","guid":{"rendered":"https:\/\/odysseuslibre.be\/site\/?p=3035"},"modified":"2023-04-22T11:41:43","modified_gmt":"2023-04-22T09:41:43","slug":"abel-et-bellina-ont-fait-une-betise-en-histoire-racontee","status":"publish","type":"post","link":"https:\/\/odysseuslibre.be\/site\/abel-et-bellina-ont-fait-une-betise-en-histoire-racontee\/","title":{"rendered":"\u00ab\u00a0Abel et Bellina ont fait une b\u00eatise\u00a0\u00bb en histoire racont\u00e9e"},"content":{"rendered":"\n<p>Chouette mise en vid\u00e9o de cette histoire de <a href=\"http:\/\/www.abeletbellina.be\" data-type=\"URL\" data-id=\"www.abeletbellina.be\">Abel et Bellina<\/a> (accompagn\u00e9e de 2 autres histoires).Comme je la trouve particuli\u00e8rement bien con\u00e7ue, je la partage ici. <\/p>\n\n\n\n<p>L&rsquo;instance Peertube sur laquelle j&rsquo;avais collectionn\u00e9 quelques adaptations est manifestement morte et enterr\u00e9e. Je suis \u00e0 la recherche d&rsquo;une alternative.<\/p>\n\n\n\n<iframe loading=\"lazy\" width=\"560\" height=\"315\" src=\"https:\/\/www.youtube.com\/embed\/NdHZ-LvSSwA\" title=\"YouTube video player\" frameborder=\"0\" allow=\"accelerometer; autoplay; clipboard-write; encrypted-media; gyroscope; picture-in-picture; web-share\" allowfullscreen><\/iframe>\n<p\/>\n","protected":false},"excerpt":{"rendered":"<p>Chouette mise en vid\u00e9o de cette histoire de Abel et Bellina (accompagn\u00e9e de 2 autres histoires).Comme je la trouve particuli\u00e8rement bien con\u00e7ue, je la partage ici. L&rsquo;instance Peertube sur laquelle j&rsquo;avais collectionn\u00e9 quelques adaptations est manifestement morte et enterr\u00e9e. Je suis \u00e0 la recherche d&rsquo;une alternative.<\/p>\n","protected":false},"author":1,"featured_media":0,"comment_status":"open","ping_status":"open","sticky":false,"template":"","format":"standard","meta":{"footnotes":""},"categories":[297],"tags":[661,1138,928],"class_list":["post-3035","post","type-post","status-publish","format-standard","hentry","category-abel-et-bellina","tag-abel-et-bellina","tag-betise","tag-video"],"_links":{"self":[{"href":"https:\/\/odysseuslibre.be\/site\/wp-json\/wp\/v2\/posts\/3035","targetHints":{"allow":["GET"]}}],"collection":[{"href":"https:\/\/odysseuslibre.be\/site\/wp-json\/wp\/v2\/posts"}],"about":[{"href":"https:\/\/odysseuslibre.be\/site\/wp-json\/wp\/v2\/types\/post"}],"author":[{"embeddable":true,"href":"https:\/\/odysseuslibre.be\/site\/wp-json\/wp\/v2\/users\/1"}],"replies":[{"embeddable":true,"href":"https:\/\/odysseuslibre.be\/site\/wp-json\/wp\/v2\/comments?post=3035"}],"version-history":[{"count":3,"href":"https:\/\/odysseuslibre.be\/site\/wp-json\/wp\/v2\/posts\/3035\/revisions"}],"predecessor-version":[{"id":3039,"href":"https:\/\/odysseuslibre.be\/site\/wp-json\/wp\/v2\/posts\/3035\/revisions\/3039"}],"wp:attachment":[{"href":"https:\/\/odysseuslibre.be\/site\/wp-json\/wp\/v2\/media?parent=3035"}],"wp:term":[{"taxonomy":"category","embeddable":true,"href":"https:\/\/odysseuslibre.be\/site\/wp-json\/wp\/v2\/categories?post=3035"},{"taxonomy":"post_tag","embeddable":true,"href":"https:\/\/odysseuslibre.be\/site\/wp-json\/wp\/v2\/tags?post=3035"}],"curies":[{"name":"wp","href":"https:\/\/api.w.org\/{rel}","templated":true}]}}