{"id":2788,"date":"2022-04-05T20:49:42","date_gmt":"2022-04-05T18:49:42","guid":{"rendered":"https:\/\/odysseuslibre.be\/site\/?p=2788"},"modified":"2023-06-23T16:06:28","modified_gmt":"2023-06-23T14:06:28","slug":"preparatifs","status":"publish","type":"post","link":"https:\/\/odysseuslibre.be\/site\/preparatifs\/","title":{"rendered":"Pr\u00e9paratifs"},"content":{"rendered":"\n<p>Abel et Bellina sont \u00e0 pied d&rsquo;oeuvre pour les f\u00eates de P\u00e2ques.<\/p>\n\n\n\n<figure class=\"wp-block-image size-large\"><img loading=\"lazy\" decoding=\"async\" width=\"1024\" height=\"1024\" src=\"https:\/\/odysseuslibre.be\/site\/wp-content\/uploads\/2022\/04\/AbelEtBellina-JoyeusesPaques2-1024x1024.png\" alt=\"\" class=\"wp-image-2789\" srcset=\"https:\/\/odysseuslibre.be\/site\/wp-content\/uploads\/2022\/04\/AbelEtBellina-JoyeusesPaques2-1024x1024.png 1024w, https:\/\/odysseuslibre.be\/site\/wp-content\/uploads\/2022\/04\/AbelEtBellina-JoyeusesPaques2-300x300.png 300w, https:\/\/odysseuslibre.be\/site\/wp-content\/uploads\/2022\/04\/AbelEtBellina-JoyeusesPaques2-150x150.png 150w, https:\/\/odysseuslibre.be\/site\/wp-content\/uploads\/2022\/04\/AbelEtBellina-JoyeusesPaques2-768x768.png 768w, https:\/\/odysseuslibre.be\/site\/wp-content\/uploads\/2022\/04\/AbelEtBellina-JoyeusesPaques2-1536x1536.png 1536w, https:\/\/odysseuslibre.be\/site\/wp-content\/uploads\/2022\/04\/AbelEtBellina-JoyeusesPaques2.png 1667w\" sizes=\"auto, (max-width: 1024px) 100vw, 1024px\" \/><\/figure>\n\n\n\n<p>Et une version \u00e0 colorier :<\/p>\n","protected":false},"excerpt":{"rendered":"<p>Abel et Bellina sont \u00e0 pied d&rsquo;oeuvre pour les f\u00eates de P\u00e2ques. Et une version \u00e0 colorier :<\/p>\n","protected":false},"author":1,"featured_media":2802,"comment_status":"open","ping_status":"open","sticky":false,"template":"","format":"standard","meta":{"footnotes":""},"categories":[56],"tags":[661,1079,1076,1078,1077],"class_list":["post-2788","post","type-post","status-publish","format-standard","has-post-thumbnail","hentry","category-un-peu-de-tout","tag-abel-et-bellina","tag-colorier","tag-paques","tag-peinture","tag-oeuf"],"_links":{"self":[{"href":"https:\/\/odysseuslibre.be\/site\/wp-json\/wp\/v2\/posts\/2788","targetHints":{"allow":["GET"]}}],"collection":[{"href":"https:\/\/odysseuslibre.be\/site\/wp-json\/wp\/v2\/posts"}],"about":[{"href":"https:\/\/odysseuslibre.be\/site\/wp-json\/wp\/v2\/types\/post"}],"author":[{"embeddable":true,"href":"https:\/\/odysseuslibre.be\/site\/wp-json\/wp\/v2\/users\/1"}],"replies":[{"embeddable":true,"href":"https:\/\/odysseuslibre.be\/site\/wp-json\/wp\/v2\/comments?post=2788"}],"version-history":[{"count":5,"href":"https:\/\/odysseuslibre.be\/site\/wp-json\/wp\/v2\/posts\/2788\/revisions"}],"predecessor-version":[{"id":3129,"href":"https:\/\/odysseuslibre.be\/site\/wp-json\/wp\/v2\/posts\/2788\/revisions\/3129"}],"wp:featuredmedia":[{"embeddable":true,"href":"https:\/\/odysseuslibre.be\/site\/wp-json\/wp\/v2\/media\/2802"}],"wp:attachment":[{"href":"https:\/\/odysseuslibre.be\/site\/wp-json\/wp\/v2\/media?parent=2788"}],"wp:term":[{"taxonomy":"category","embeddable":true,"href":"https:\/\/odysseuslibre.be\/site\/wp-json\/wp\/v2\/categories?post=2788"},{"taxonomy":"post_tag","embeddable":true,"href":"https:\/\/odysseuslibre.be\/site\/wp-json\/wp\/v2\/tags?post=2788"}],"curies":[{"name":"wp","href":"https:\/\/api.w.org\/{rel}","templated":true}]}}