{"id":1939,"date":"2020-03-11T11:22:19","date_gmt":"2020-03-11T10:22:19","guid":{"rendered":"https:\/\/odysseuslibre.be\/site\/?p=1939"},"modified":"2020-04-11T11:29:42","modified_gmt":"2020-04-11T09:29:42","slug":"lautomne-est-la","status":"publish","type":"post","link":"https:\/\/odysseuslibre.be\/site\/lautomne-est-la\/","title":{"rendered":"L&rsquo;automne est l\u00e0"},"content":{"rendered":"\n<p class=\"has-text-align-center\">Quand arrive septembre<br>\nLe feuillage des arbres devient rouge<br>\nJaune, brun ou bien ambre<br>\nLes bl\u00e9s sont moissonn\u00e9s, les \u00e9l\u00e8ves sont rentr\u00e9s<br>\nLes pommes deviennent tendres : c\u2019est la fin de l\u2019\u00e9t\u00e9<\/p>\n\n\n\n<p class=\"has-text-align-center\">Lorsque arrive octobre, l\u2019air devient vif<br>\nSec, froid ou glac\u00e9<br>\nLa for\u00eat est muette, les arbres d\u00e9pouill\u00e9s<br>\nEt quand je vais m\u2019y promener<\/p>\n\n\n\n<p class=\"has-text-align-center\">Les feuilles<br>\nCraquent<br>\nCriquent<br>\nCroquent<br>\nEt crissent<br>\nSous mes pas<\/p>\n\n\n\n<p class=\"has-text-align-center\">Le vent<br>\nSouffle<br>\nSiffle<br>\n\u00c9broue<br>\nEt glisse<br>\nDans le bois<\/p>\n\n\n\n<p class=\"has-text-align-center\">L\u2019automne est l\u00e0 !<\/p>\n","protected":false},"excerpt":{"rendered":"<p>Quand arrive septembre Le feuillage des arbres devient rouge Jaune, brun ou bien ambre Les bl\u00e9s sont moissonn\u00e9s, les \u00e9l\u00e8ves sont rentr\u00e9s Les pommes deviennent tendres : c\u2019est la fin de l\u2019\u00e9t\u00e9 Lorsque arrive octobre, l\u2019air devient vif Sec, froid ou glac\u00e9 La for\u00eat est muette, les arbres d\u00e9pouill\u00e9s Et quand je vais m\u2019y promener [&hellip;]<\/p>\n","protected":false},"author":1,"featured_media":0,"comment_status":"open","ping_status":"open","sticky":false,"template":"","format":"standard","meta":{"footnotes":""},"categories":[386,380],"tags":[902,875,504,774,420,901],"class_list":["post-1939","post","type-post","status-publish","format-standard","hentry","category-poemes-7-ans-et","category-poemes-pour-enfants","tag-arbres","tag-automne","tag-couleurs","tag-feuilles","tag-froid","tag-saison"],"_links":{"self":[{"href":"https:\/\/odysseuslibre.be\/site\/wp-json\/wp\/v2\/posts\/1939","targetHints":{"allow":["GET"]}}],"collection":[{"href":"https:\/\/odysseuslibre.be\/site\/wp-json\/wp\/v2\/posts"}],"about":[{"href":"https:\/\/odysseuslibre.be\/site\/wp-json\/wp\/v2\/types\/post"}],"author":[{"embeddable":true,"href":"https:\/\/odysseuslibre.be\/site\/wp-json\/wp\/v2\/users\/1"}],"replies":[{"embeddable":true,"href":"https:\/\/odysseuslibre.be\/site\/wp-json\/wp\/v2\/comments?post=1939"}],"version-history":[{"count":1,"href":"https:\/\/odysseuslibre.be\/site\/wp-json\/wp\/v2\/posts\/1939\/revisions"}],"predecessor-version":[{"id":1940,"href":"https:\/\/odysseuslibre.be\/site\/wp-json\/wp\/v2\/posts\/1939\/revisions\/1940"}],"wp:attachment":[{"href":"https:\/\/odysseuslibre.be\/site\/wp-json\/wp\/v2\/media?parent=1939"}],"wp:term":[{"taxonomy":"category","embeddable":true,"href":"https:\/\/odysseuslibre.be\/site\/wp-json\/wp\/v2\/categories?post=1939"},{"taxonomy":"post_tag","embeddable":true,"href":"https:\/\/odysseuslibre.be\/site\/wp-json\/wp\/v2\/tags?post=1939"}],"curies":[{"name":"wp","href":"https:\/\/api.w.org\/{rel}","templated":true}]}}