{"id":1824,"date":"2020-03-06T10:58:22","date_gmt":"2020-03-06T09:58:22","guid":{"rendered":"https:\/\/odysseuslibre.be\/site\/?p=1824"},"modified":"2023-06-23T16:51:49","modified_gmt":"2023-06-23T14:51:49","slug":"abel-bellina-dans-le-grenier","status":"publish","type":"post","link":"https:\/\/odysseuslibre.be\/site\/abel-bellina-dans-le-grenier\/","title":{"rendered":"Abel &#038; Bellina dans le grenier"},"content":{"rendered":"\n<p>Je suis tr\u00e8s heureux de vous pr\u00e9senter la onzi\u00e8me petite aventure de <a href=\"https:\/\/odysseuslibre.be\/site\/category\/livres-pour-enfants\/abel-et-bellina\/\">Abel et Bellina<\/a> qui vont faire de bien belles d\u00e9couvertes.<\/p>\n\n\n<div class=\"wp-block-image\">\n<figure class=\"aligncenter size-large\"><a href=\"https:\/\/odysseuslibre.be\/site\/wp-content\/uploads\/2020\/03\/11-AbelBellina-DansLeGrenier-Odysseus-lal.pdf\"><img loading=\"lazy\" decoding=\"async\" width=\"625\" height=\"734\" src=\"https:\/\/odysseuslibre.be\/site\/wp-content\/uploads\/2020\/03\/11-AbelBellina-DansLeGrenier-Cover.png\" alt=\"\" class=\"wp-image-1825\" srcset=\"https:\/\/odysseuslibre.be\/site\/wp-content\/uploads\/2020\/03\/11-AbelBellina-DansLeGrenier-Cover.png 625w, https:\/\/odysseuslibre.be\/site\/wp-content\/uploads\/2020\/03\/11-AbelBellina-DansLeGrenier-Cover-255x300.png 255w\" sizes=\"auto, (max-width: 625px) 100vw, 625px\" \/><\/a><figcaption class=\"wp-element-caption\"><em>Cliquez sur l&rsquo;image pour d\u00e9couvrir l&rsquo;histoire<\/em><\/figcaption><\/figure>\n<\/div>\n\n\n<p><strong>Petite nouveaut\u00e9<\/strong> cette fois, j&rsquo;y ai adjoint un petit questionnaire d&rsquo;apr\u00e8s lecture \u00e0 destination des \u00e9l\u00e8ves de 6-8 ans.<\/p>\n\n\n<div class=\"wp-block-image\">\n<figure class=\"aligncenter size-large\"><a href=\"https:\/\/odysseuslibre.be\/site\/wp-content\/uploads\/2020\/03\/AB11-Questionnaire.pdf\"><img loading=\"lazy\" decoding=\"async\" width=\"535\" height=\"373\" src=\"https:\/\/odysseuslibre.be\/site\/wp-content\/uploads\/2020\/03\/AbQuest.png\" alt=\"\" class=\"wp-image-1827\" srcset=\"https:\/\/odysseuslibre.be\/site\/wp-content\/uploads\/2020\/03\/AbQuest.png 535w, https:\/\/odysseuslibre.be\/site\/wp-content\/uploads\/2020\/03\/AbQuest-300x209.png 300w\" sizes=\"auto, (max-width: 535px) 100vw, 535px\" \/><\/a><figcaption class=\"wp-element-caption\"><em>Cliquez sur l&rsquo;image pour t\u00e9l\u00e9charger.<\/em><\/figcaption><\/figure>\n<\/div>\n\n\n<p><a href=\"https:\/\/odysseuslibre.be\/site\/wp-content\/uploads\/2020\/03\/11-AbelEtBellina-DansLeGrenier-Odysseus-LAL.zip\">Sources<\/a> disponibles.<\/p>\n\n\n\n<p>Un grand merci \u00e0 Isa, Aquilatin et Cyrille Largillier pour la relecture.<\/p>\n","protected":false},"excerpt":{"rendered":"<p>Je suis tr\u00e8s heureux de vous pr\u00e9senter la onzi\u00e8me petite aventure de Abel et Bellina qui vont faire de bien belles d\u00e9couvertes. Petite nouveaut\u00e9 cette fois, j&rsquo;y ai adjoint un petit questionnaire d&rsquo;apr\u00e8s lecture \u00e0 destination des \u00e9l\u00e8ves de 6-8 ans. Sources disponibles. Un grand merci \u00e0 Isa, Aquilatin et Cyrille Largillier pour la relecture.<\/p>\n","protected":false},"author":1,"featured_media":1825,"comment_status":"open","ping_status":"open","sticky":false,"template":"","format":"standard","meta":{"footnotes":""},"categories":[157,297],"tags":[661,853,852,298,854],"class_list":["post-1824","post","type-post","status-publish","format-standard","has-post-thumbnail","hentry","category-livres-pour-enfants","category-abel-et-bellina","tag-abel-et-bellina","tag-coffre","tag-grenier","tag-moutons","tag-tresor"],"_links":{"self":[{"href":"https:\/\/odysseuslibre.be\/site\/wp-json\/wp\/v2\/posts\/1824","targetHints":{"allow":["GET"]}}],"collection":[{"href":"https:\/\/odysseuslibre.be\/site\/wp-json\/wp\/v2\/posts"}],"about":[{"href":"https:\/\/odysseuslibre.be\/site\/wp-json\/wp\/v2\/types\/post"}],"author":[{"embeddable":true,"href":"https:\/\/odysseuslibre.be\/site\/wp-json\/wp\/v2\/users\/1"}],"replies":[{"embeddable":true,"href":"https:\/\/odysseuslibre.be\/site\/wp-json\/wp\/v2\/comments?post=1824"}],"version-history":[{"count":6,"href":"https:\/\/odysseuslibre.be\/site\/wp-json\/wp\/v2\/posts\/1824\/revisions"}],"predecessor-version":[{"id":3226,"href":"https:\/\/odysseuslibre.be\/site\/wp-json\/wp\/v2\/posts\/1824\/revisions\/3226"}],"wp:featuredmedia":[{"embeddable":true,"href":"https:\/\/odysseuslibre.be\/site\/wp-json\/wp\/v2\/media\/1825"}],"wp:attachment":[{"href":"https:\/\/odysseuslibre.be\/site\/wp-json\/wp\/v2\/media?parent=1824"}],"wp:term":[{"taxonomy":"category","embeddable":true,"href":"https:\/\/odysseuslibre.be\/site\/wp-json\/wp\/v2\/categories?post=1824"},{"taxonomy":"post_tag","embeddable":true,"href":"https:\/\/odysseuslibre.be\/site\/wp-json\/wp\/v2\/tags?post=1824"}],"curies":[{"name":"wp","href":"https:\/\/api.w.org\/{rel}","templated":true}]}}