{"id":1692,"date":"2019-10-28T10:09:26","date_gmt":"2019-10-28T09:09:26","guid":{"rendered":"https:\/\/odysseuslibre.be\/site\/?p=1692"},"modified":"2023-06-23T17:08:56","modified_gmt":"2023-06-23T15:08:56","slug":"demenagement-de-creche","status":"publish","type":"post","link":"https:\/\/odysseuslibre.be\/site\/demenagement-de-creche\/","title":{"rendered":"D\u00e9m\u00e9nagement de cr\u00e8che"},"content":{"rendered":"\n<p>Ce 14 d\u00e9cembre et pour la premi\u00e8re fois , le village de <a rel=\"noreferrer noopener\" aria-label=\"Fisenne (s\u2019ouvre dans un nouvel onglet)\" href=\"https:\/\/www.openstreetmap.org\/search?query=fisenne#map=13\/50.2908\/5.5347\" target=\"_blank\">Fisenne<\/a> va organiser son \u00ab\u00a0Village des Cr\u00e8ches\u00a0\u00bb , f\u00eate durant laquelle la plupart des habitants exposeront une cr\u00e8che qu&rsquo;ils ont fabriqu\u00e9e.<\/p>\n\n\n\n<p>Je leur ai propos\u00e9 ce petit dessin \u00e0 l&rsquo;humour bien belge. La ville de <a rel=\"noreferrer noopener\" aria-label=\"Lasne (s\u2019ouvre dans un nouvel onglet)\" href=\"https:\/\/www.openstreetmap.org\/search?query=lasne#map=12\/50.6842\/4.4604\" target=\"_blank\">Lasne<\/a> se prononce comme l&rsquo;animal \u00e0 droite. \ud83d\ude09<\/p>\n","protected":false},"excerpt":{"rendered":"<p>Ce 14 d\u00e9cembre et pour la premi\u00e8re fois , le village de Fisenne va organiser son \u00ab\u00a0Village des Cr\u00e8ches\u00a0\u00bb , f\u00eate durant laquelle la plupart des habitants exposeront une cr\u00e8che qu&rsquo;ils ont fabriqu\u00e9e. Je leur ai propos\u00e9 ce petit dessin \u00e0 l&rsquo;humour bien belge. La ville de Lasne se prononce comme l&rsquo;animal \u00e0 droite. \ud83d\ude09<\/p>\n","protected":false},"author":1,"featured_media":1693,"comment_status":"open","ping_status":"open","sticky":false,"template":"","format":"standard","meta":{"footnotes":""},"categories":[56],"tags":[312,37,180,783,683,784],"class_list":["post-1692","post","type-post","status-publish","format-standard","has-post-thumbnail","hentry","category-un-peu-de-tout","tag-ane","tag-belgique","tag-cjmp","tag-creche","tag-noel","tag-rois-mages"],"_links":{"self":[{"href":"https:\/\/odysseuslibre.be\/site\/wp-json\/wp\/v2\/posts\/1692","targetHints":{"allow":["GET"]}}],"collection":[{"href":"https:\/\/odysseuslibre.be\/site\/wp-json\/wp\/v2\/posts"}],"about":[{"href":"https:\/\/odysseuslibre.be\/site\/wp-json\/wp\/v2\/types\/post"}],"author":[{"embeddable":true,"href":"https:\/\/odysseuslibre.be\/site\/wp-json\/wp\/v2\/users\/1"}],"replies":[{"embeddable":true,"href":"https:\/\/odysseuslibre.be\/site\/wp-json\/wp\/v2\/comments?post=1692"}],"version-history":[{"count":3,"href":"https:\/\/odysseuslibre.be\/site\/wp-json\/wp\/v2\/posts\/1692\/revisions"}],"predecessor-version":[{"id":3243,"href":"https:\/\/odysseuslibre.be\/site\/wp-json\/wp\/v2\/posts\/1692\/revisions\/3243"}],"wp:featuredmedia":[{"embeddable":true,"href":"https:\/\/odysseuslibre.be\/site\/wp-json\/wp\/v2\/media\/1693"}],"wp:attachment":[{"href":"https:\/\/odysseuslibre.be\/site\/wp-json\/wp\/v2\/media?parent=1692"}],"wp:term":[{"taxonomy":"category","embeddable":true,"href":"https:\/\/odysseuslibre.be\/site\/wp-json\/wp\/v2\/categories?post=1692"},{"taxonomy":"post_tag","embeddable":true,"href":"https:\/\/odysseuslibre.be\/site\/wp-json\/wp\/v2\/tags?post=1692"}],"curies":[{"name":"wp","href":"https:\/\/api.w.org\/{rel}","templated":true}]}}