{"id":1180,"date":"2018-07-24T08:00:02","date_gmt":"2018-07-24T06:00:02","guid":{"rendered":"https:\/\/odysseuslibre.be\/site\/?p=1180"},"modified":"2023-06-23T20:13:43","modified_gmt":"2023-06-23T18:13:43","slug":"en-classe-de-jean-matet-audio","status":"publish","type":"post","link":"https:\/\/odysseuslibre.be\/site\/en-classe-de-jean-matet-audio\/","title":{"rendered":"En classe ! de Jean Matet (Audio)"},"content":{"rendered":"<p><a href=\"http:\/\/cyrille.largillier.org\/\">Cyrille Largillier<\/a> a remis <a href=\"http:\/\/cyrille.largillier.org\/sitewp\/2018\/05\/01\/en-classe-de-jean-matet\/\">En classe ! de Jean Matet<\/a> \u00e0 la lumi\u00e8re du jour et propose ce court album en *.pdf sur son site.<br \/>\nEn voici une version audio.<\/p>\n<audio class=\"wp-audio-shortcode\" id=\"audio-1180-1\" preload=\"none\" style=\"width: 100%;\" controls=\"controls\"><source type=\"audio\/ogg\" src=\"https:\/\/odysseuslibre.be\/site\/wp-content\/uploads\/2018\/07\/EnClasse-JeanMatet.ogg?_=1\" \/><a href=\"https:\/\/odysseuslibre.be\/site\/wp-content\/uploads\/2018\/07\/EnClasse-JeanMatet.ogg\">https:\/\/odysseuslibre.be\/site\/wp-content\/uploads\/2018\/07\/EnClasse-JeanMatet.ogg<\/a><\/audio>\n<p>Le r\u00e9cit \u00e9tant dans le domaine public, cet enregistrement l&rsquo;est tout autant. <a href=\"https:\/\/creativecommons.org\/publicdomain\/zero\/1.0\/deed.fr\">Licence CC0<\/a>, donc.<\/p>\n","protected":false},"excerpt":{"rendered":"<p>Cyrille Largillier a remis En classe ! de Jean Matet \u00e0 la lumi\u00e8re du jour et propose ce court album en *.pdf sur son site. En voici une version audio. Le r\u00e9cit \u00e9tant dans le domaine public, cet enregistrement l&rsquo;est tout autant. Licence CC0, donc.<\/p>\n","protected":false},"author":1,"featured_media":1181,"comment_status":"open","ping_status":"open","sticky":false,"template":"","format":"standard","meta":{"footnotes":""},"categories":[289],"tags":[582,583,580,581],"class_list":["post-1180","post","type-post","status-publish","format-standard","has-post-thumbnail","hentry","category-histoires-en-audio","tag-domaine-public","tag-dp","tag-jean-matet","tag-litterature-jeunesse"],"_links":{"self":[{"href":"https:\/\/odysseuslibre.be\/site\/wp-json\/wp\/v2\/posts\/1180","targetHints":{"allow":["GET"]}}],"collection":[{"href":"https:\/\/odysseuslibre.be\/site\/wp-json\/wp\/v2\/posts"}],"about":[{"href":"https:\/\/odysseuslibre.be\/site\/wp-json\/wp\/v2\/types\/post"}],"author":[{"embeddable":true,"href":"https:\/\/odysseuslibre.be\/site\/wp-json\/wp\/v2\/users\/1"}],"replies":[{"embeddable":true,"href":"https:\/\/odysseuslibre.be\/site\/wp-json\/wp\/v2\/comments?post=1180"}],"version-history":[{"count":8,"href":"https:\/\/odysseuslibre.be\/site\/wp-json\/wp\/v2\/posts\/1180\/revisions"}],"predecessor-version":[{"id":3295,"href":"https:\/\/odysseuslibre.be\/site\/wp-json\/wp\/v2\/posts\/1180\/revisions\/3295"}],"wp:featuredmedia":[{"embeddable":true,"href":"https:\/\/odysseuslibre.be\/site\/wp-json\/wp\/v2\/media\/1181"}],"wp:attachment":[{"href":"https:\/\/odysseuslibre.be\/site\/wp-json\/wp\/v2\/media?parent=1180"}],"wp:term":[{"taxonomy":"category","embeddable":true,"href":"https:\/\/odysseuslibre.be\/site\/wp-json\/wp\/v2\/categories?post=1180"},{"taxonomy":"post_tag","embeddable":true,"href":"https:\/\/odysseuslibre.be\/site\/wp-json\/wp\/v2\/tags?post=1180"}],"curies":[{"name":"wp","href":"https:\/\/api.w.org\/{rel}","templated":true}]}}